{"id":2189,"date":"2024-02-27T13:33:24","date_gmt":"2024-02-27T12:33:24","guid":{"rendered":"https:\/\/www.ofj.fr\/non-classifiee\/concert-3-saline-royale-darc-et-senans-2\/"},"modified":"2024-03-07T18:16:37","modified_gmt":"2024-03-07T17:16:37","slug":"concert-3-saline-royale-darc-et-senans-2","status":"publish","type":"post","link":"https:\/\/www.ofj.fr\/en\/concerts-en\/concert-3-saline-royale-darc-et-senans-2\/","title":{"rendered":"Concert 3 &#8211; Saline royale d&#8217;Arc-et-Senans"},"content":{"rendered":"","protected":false},"excerpt":{"rendered":"","protected":false},"author":3,"featured_media":0,"comment_status":"closed","ping_status":"closed","sticky":false,"template":"","format":"standard","meta":{"_acf_changed":false,"inline_featured_image":false,"footnotes":""},"categories":[55,42],"tags":[],"class_list":["post-2189","post","type-post","status-publish","format-standard","hentry","category-concert-symphonique-summer-24","category-concerts-en"],"acf":[],"yoast_head":"<!-- This site is optimized with the Yoast SEO plugin v27.5 - https:\/\/yoast.com\/product\/yoast-seo-wordpress\/ -->\n<title>Concert 3 - Saline royale d&#039;Arc-et-Senans - OFJ<\/title>\n<meta name=\"description\" content=\"Concert de l&#039;Orchestre Fran\u00e7ais des Jeunes \u00e0 l&#039;Op\u00e9ra de Vichy le 16 ao\u00fbt 2024\" \/>\n<meta name=\"robots\" content=\"index, follow, max-snippet:-1, max-image-preview:large, max-video-preview:-1\" \/>\n<link rel=\"canonical\" href=\"https:\/\/www.ofj.fr\/en\/concerts-en\/concert-3-saline-royale-darc-et-senans-2\/\" \/>\n<meta property=\"og:locale\" content=\"en_US\" \/>\n<meta property=\"og:type\" content=\"article\" \/>\n<meta property=\"og:title\" content=\"Concert 3 - Saline royale d&#039;Arc-et-Senans - OFJ\" \/>\n<meta property=\"og:description\" content=\"Concert de l&#039;Orchestre Fran\u00e7ais des Jeunes \u00e0 l&#039;Op\u00e9ra de Vichy le 16 ao\u00fbt 2024\" \/>\n<meta property=\"og:url\" content=\"https:\/\/www.ofj.fr\/en\/concerts-en\/concert-3-saline-royale-darc-et-senans-2\/\" \/>\n<meta property=\"og:site_name\" content=\"OFJ\" \/>\n<meta property=\"article:publisher\" content=\"https:\/\/www.facebook.com\/orchestrefrancaisdesjeunes\" \/>\n<meta property=\"article:published_time\" content=\"2024-02-27T12:33:24+00:00\" \/>\n<meta property=\"article:modified_time\" content=\"2024-03-07T17:16:37+00:00\" \/>\n<meta name=\"author\" content=\"Luc Menneteau\" \/>\n<meta name=\"twitter:card\" content=\"summary_large_image\" \/>\n<meta name=\"twitter:label1\" content=\"Written by\" \/>\n\t<meta name=\"twitter:data1\" content=\"Luc Menneteau\" \/>\n\t<meta name=\"twitter:label2\" content=\"Est. reading time\" \/>\n\t<meta name=\"twitter:data2\" content=\"1 minute\" \/>\n<script type=\"application\/ld+json\" class=\"yoast-schema-graph\">{\"@context\":\"https:\\\/\\\/schema.org\",\"@graph\":[{\"@type\":\"Article\",\"@id\":\"https:\\\/\\\/www.ofj.fr\\\/en\\\/concerts-en\\\/concert-3-saline-royale-darc-et-senans-2\\\/#article\",\"isPartOf\":{\"@id\":\"https:\\\/\\\/www.ofj.fr\\\/en\\\/concerts-en\\\/concert-3-saline-royale-darc-et-senans-2\\\/\"},\"author\":{\"name\":\"Luc Menneteau\",\"@id\":\"https:\\\/\\\/www.ofj.fr\\\/en\\\/#\\\/schema\\\/person\\\/92699d74364e0a4d9372a3a551aee8b6\"},\"headline\":\"Concert 3 &#8211; Saline royale d&#8217;Arc-et-Senans\",\"datePublished\":\"2024-02-27T12:33:24+00:00\",\"dateModified\":\"2024-03-07T17:16:37+00:00\",\"mainEntityOfPage\":{\"@id\":\"https:\\\/\\\/www.ofj.fr\\\/en\\\/concerts-en\\\/concert-3-saline-royale-darc-et-senans-2\\\/\"},\"wordCount\":6,\"publisher\":{\"@id\":\"https:\\\/\\\/www.ofj.fr\\\/en\\\/#organization\"},\"articleSection\":[\"Concert symphonique summer 24\",\"Concerts\"],\"inLanguage\":\"en-US\"},{\"@type\":\"WebPage\",\"@id\":\"https:\\\/\\\/www.ofj.fr\\\/en\\\/concerts-en\\\/concert-3-saline-royale-darc-et-senans-2\\\/\",\"url\":\"https:\\\/\\\/www.ofj.fr\\\/en\\\/concerts-en\\\/concert-3-saline-royale-darc-et-senans-2\\\/\",\"name\":\"Concert 3 - Saline royale d'Arc-et-Senans - OFJ\",\"isPartOf\":{\"@id\":\"https:\\\/\\\/www.ofj.fr\\\/en\\\/#website\"},\"datePublished\":\"2024-02-27T12:33:24+00:00\",\"dateModified\":\"2024-03-07T17:16:37+00:00\",\"description\":\"Concert de l'Orchestre Fran\u00e7ais des Jeunes \u00e0 l'Op\u00e9ra de Vichy le 16 ao\u00fbt 2024\",\"breadcrumb\":{\"@id\":\"https:\\\/\\\/www.ofj.fr\\\/en\\\/concerts-en\\\/concert-3-saline-royale-darc-et-senans-2\\\/#breadcrumb\"},\"inLanguage\":\"en-US\",\"potentialAction\":[{\"@type\":\"ReadAction\",\"target\":[\"https:\\\/\\\/www.ofj.fr\\\/en\\\/concerts-en\\\/concert-3-saline-royale-darc-et-senans-2\\\/\"]}]},{\"@type\":\"BreadcrumbList\",\"@id\":\"https:\\\/\\\/www.ofj.fr\\\/en\\\/concerts-en\\\/concert-3-saline-royale-darc-et-senans-2\\\/#breadcrumb\",\"itemListElement\":[{\"@type\":\"ListItem\",\"position\":1,\"name\":\"Accueil\",\"item\":\"https:\\\/\\\/www.ofj.fr\\\/en\\\/accueil\\\/\"},{\"@type\":\"ListItem\",\"position\":2,\"name\":\"Concert 3 &#8211; Saline royale d&#8217;Arc-et-Senans\"}]},{\"@type\":\"WebSite\",\"@id\":\"https:\\\/\\\/www.ofj.fr\\\/en\\\/#website\",\"url\":\"https:\\\/\\\/www.ofj.fr\\\/en\\\/\",\"name\":\"OFJ\",\"description\":\"\",\"publisher\":{\"@id\":\"https:\\\/\\\/www.ofj.fr\\\/en\\\/#organization\"},\"potentialAction\":[{\"@type\":\"SearchAction\",\"target\":{\"@type\":\"EntryPoint\",\"urlTemplate\":\"https:\\\/\\\/www.ofj.fr\\\/en\\\/?s={search_term_string}\"},\"query-input\":{\"@type\":\"PropertyValueSpecification\",\"valueRequired\":true,\"valueName\":\"search_term_string\"}}],\"inLanguage\":\"en-US\"},{\"@type\":\"Organization\",\"@id\":\"https:\\\/\\\/www.ofj.fr\\\/en\\\/#organization\",\"name\":\"Orchestre fran\u00e7ais des jeunes\",\"alternateName\":\"OFJ\",\"url\":\"https:\\\/\\\/www.ofj.fr\\\/en\\\/\",\"logo\":{\"@type\":\"ImageObject\",\"inLanguage\":\"en-US\",\"@id\":\"https:\\\/\\\/www.ofj.fr\\\/en\\\/#\\\/schema\\\/logo\\\/image\\\/\",\"url\":\"https:\\\/\\\/www.ofj.fr\\\/wp-content\\\/uploads\\\/2026\\\/01\\\/LOGO_OFJ_RVB.svg\",\"contentUrl\":\"https:\\\/\\\/www.ofj.fr\\\/wp-content\\\/uploads\\\/2026\\\/01\\\/LOGO_OFJ_RVB.svg\",\"caption\":\"Orchestre fran\u00e7ais des jeunes\"},\"image\":{\"@id\":\"https:\\\/\\\/www.ofj.fr\\\/en\\\/#\\\/schema\\\/logo\\\/image\\\/\"},\"sameAs\":[\"https:\\\/\\\/www.facebook.com\\\/orchestrefrancaisdesjeunes\",\"https:\\\/\\\/www.instagram.com\\\/orchestrefrancaisdesjeunes\\\/?hl=fr\"]},{\"@type\":\"Person\",\"@id\":\"https:\\\/\\\/www.ofj.fr\\\/en\\\/#\\\/schema\\\/person\\\/92699d74364e0a4d9372a3a551aee8b6\",\"name\":\"Luc Menneteau\",\"image\":{\"@type\":\"ImageObject\",\"inLanguage\":\"en-US\",\"@id\":\"https:\\\/\\\/secure.gravatar.com\\\/avatar\\\/7b0262960baef92c38d4d5a8b1428b71cf4abee0ff5da7e5e6e5f4b53c24591f?s=96&d=mm&r=g\",\"url\":\"https:\\\/\\\/secure.gravatar.com\\\/avatar\\\/7b0262960baef92c38d4d5a8b1428b71cf4abee0ff5da7e5e6e5f4b53c24591f?s=96&d=mm&r=g\",\"contentUrl\":\"https:\\\/\\\/secure.gravatar.com\\\/avatar\\\/7b0262960baef92c38d4d5a8b1428b71cf4abee0ff5da7e5e6e5f4b53c24591f?s=96&d=mm&r=g\",\"caption\":\"Luc Menneteau\"}}]}<\/script>\n<!-- \/ Yoast SEO plugin. -->","yoast_head_json":{"title":"Concert 3 - Saline royale d'Arc-et-Senans - OFJ","description":"Concert de l'Orchestre Fran\u00e7ais des Jeunes \u00e0 l'Op\u00e9ra de Vichy le 16 ao\u00fbt 2024","robots":{"index":"index","follow":"follow","max-snippet":"max-snippet:-1","max-image-preview":"max-image-preview:large","max-video-preview":"max-video-preview:-1"},"canonical":"https:\/\/www.ofj.fr\/en\/concerts-en\/concert-3-saline-royale-darc-et-senans-2\/","og_locale":"en_US","og_type":"article","og_title":"Concert 3 - Saline royale d'Arc-et-Senans - OFJ","og_description":"Concert de l'Orchestre Fran\u00e7ais des Jeunes \u00e0 l'Op\u00e9ra de Vichy le 16 ao\u00fbt 2024","og_url":"https:\/\/www.ofj.fr\/en\/concerts-en\/concert-3-saline-royale-darc-et-senans-2\/","og_site_name":"OFJ","article_publisher":"https:\/\/www.facebook.com\/orchestrefrancaisdesjeunes","article_published_time":"2024-02-27T12:33:24+00:00","article_modified_time":"2024-03-07T17:16:37+00:00","author":"Luc Menneteau","twitter_card":"summary_large_image","twitter_misc":{"Written by":"Luc Menneteau","Est. reading time":"1 minute"},"schema":{"@context":"https:\/\/schema.org","@graph":[{"@type":"Article","@id":"https:\/\/www.ofj.fr\/en\/concerts-en\/concert-3-saline-royale-darc-et-senans-2\/#article","isPartOf":{"@id":"https:\/\/www.ofj.fr\/en\/concerts-en\/concert-3-saline-royale-darc-et-senans-2\/"},"author":{"name":"Luc Menneteau","@id":"https:\/\/www.ofj.fr\/en\/#\/schema\/person\/92699d74364e0a4d9372a3a551aee8b6"},"headline":"Concert 3 &#8211; Saline royale d&#8217;Arc-et-Senans","datePublished":"2024-02-27T12:33:24+00:00","dateModified":"2024-03-07T17:16:37+00:00","mainEntityOfPage":{"@id":"https:\/\/www.ofj.fr\/en\/concerts-en\/concert-3-saline-royale-darc-et-senans-2\/"},"wordCount":6,"publisher":{"@id":"https:\/\/www.ofj.fr\/en\/#organization"},"articleSection":["Concert symphonique summer 24","Concerts"],"inLanguage":"en-US"},{"@type":"WebPage","@id":"https:\/\/www.ofj.fr\/en\/concerts-en\/concert-3-saline-royale-darc-et-senans-2\/","url":"https:\/\/www.ofj.fr\/en\/concerts-en\/concert-3-saline-royale-darc-et-senans-2\/","name":"Concert 3 - Saline royale d'Arc-et-Senans - OFJ","isPartOf":{"@id":"https:\/\/www.ofj.fr\/en\/#website"},"datePublished":"2024-02-27T12:33:24+00:00","dateModified":"2024-03-07T17:16:37+00:00","description":"Concert de l'Orchestre Fran\u00e7ais des Jeunes \u00e0 l'Op\u00e9ra de Vichy le 16 ao\u00fbt 2024","breadcrumb":{"@id":"https:\/\/www.ofj.fr\/en\/concerts-en\/concert-3-saline-royale-darc-et-senans-2\/#breadcrumb"},"inLanguage":"en-US","potentialAction":[{"@type":"ReadAction","target":["https:\/\/www.ofj.fr\/en\/concerts-en\/concert-3-saline-royale-darc-et-senans-2\/"]}]},{"@type":"BreadcrumbList","@id":"https:\/\/www.ofj.fr\/en\/concerts-en\/concert-3-saline-royale-darc-et-senans-2\/#breadcrumb","itemListElement":[{"@type":"ListItem","position":1,"name":"Accueil","item":"https:\/\/www.ofj.fr\/en\/accueil\/"},{"@type":"ListItem","position":2,"name":"Concert 3 &#8211; Saline royale d&#8217;Arc-et-Senans"}]},{"@type":"WebSite","@id":"https:\/\/www.ofj.fr\/en\/#website","url":"https:\/\/www.ofj.fr\/en\/","name":"OFJ","description":"","publisher":{"@id":"https:\/\/www.ofj.fr\/en\/#organization"},"potentialAction":[{"@type":"SearchAction","target":{"@type":"EntryPoint","urlTemplate":"https:\/\/www.ofj.fr\/en\/?s={search_term_string}"},"query-input":{"@type":"PropertyValueSpecification","valueRequired":true,"valueName":"search_term_string"}}],"inLanguage":"en-US"},{"@type":"Organization","@id":"https:\/\/www.ofj.fr\/en\/#organization","name":"Orchestre fran\u00e7ais des jeunes","alternateName":"OFJ","url":"https:\/\/www.ofj.fr\/en\/","logo":{"@type":"ImageObject","inLanguage":"en-US","@id":"https:\/\/www.ofj.fr\/en\/#\/schema\/logo\/image\/","url":"https:\/\/www.ofj.fr\/wp-content\/uploads\/2026\/01\/LOGO_OFJ_RVB.svg","contentUrl":"https:\/\/www.ofj.fr\/wp-content\/uploads\/2026\/01\/LOGO_OFJ_RVB.svg","caption":"Orchestre fran\u00e7ais des jeunes"},"image":{"@id":"https:\/\/www.ofj.fr\/en\/#\/schema\/logo\/image\/"},"sameAs":["https:\/\/www.facebook.com\/orchestrefrancaisdesjeunes","https:\/\/www.instagram.com\/orchestrefrancaisdesjeunes\/?hl=fr"]},{"@type":"Person","@id":"https:\/\/www.ofj.fr\/en\/#\/schema\/person\/92699d74364e0a4d9372a3a551aee8b6","name":"Luc Menneteau","image":{"@type":"ImageObject","inLanguage":"en-US","@id":"https:\/\/secure.gravatar.com\/avatar\/7b0262960baef92c38d4d5a8b1428b71cf4abee0ff5da7e5e6e5f4b53c24591f?s=96&d=mm&r=g","url":"https:\/\/secure.gravatar.com\/avatar\/7b0262960baef92c38d4d5a8b1428b71cf4abee0ff5da7e5e6e5f4b53c24591f?s=96&d=mm&r=g","contentUrl":"https:\/\/secure.gravatar.com\/avatar\/7b0262960baef92c38d4d5a8b1428b71cf4abee0ff5da7e5e6e5f4b53c24591f?s=96&d=mm&r=g","caption":"Luc Menneteau"}}]}},"_links":{"self":[{"href":"https:\/\/www.ofj.fr\/en\/wp-json\/wp\/v2\/posts\/2189","targetHints":{"allow":["GET"]}}],"collection":[{"href":"https:\/\/www.ofj.fr\/en\/wp-json\/wp\/v2\/posts"}],"about":[{"href":"https:\/\/www.ofj.fr\/en\/wp-json\/wp\/v2\/types\/post"}],"author":[{"embeddable":true,"href":"https:\/\/www.ofj.fr\/en\/wp-json\/wp\/v2\/users\/3"}],"replies":[{"embeddable":true,"href":"https:\/\/www.ofj.fr\/en\/wp-json\/wp\/v2\/comments?post=2189"}],"version-history":[{"count":4,"href":"https:\/\/www.ofj.fr\/en\/wp-json\/wp\/v2\/posts\/2189\/revisions"}],"predecessor-version":[{"id":2275,"href":"https:\/\/www.ofj.fr\/en\/wp-json\/wp\/v2\/posts\/2189\/revisions\/2275"}],"wp:attachment":[{"href":"https:\/\/www.ofj.fr\/en\/wp-json\/wp\/v2\/media?parent=2189"}],"wp:term":[{"taxonomy":"category","embeddable":true,"href":"https:\/\/www.ofj.fr\/en\/wp-json\/wp\/v2\/categories?post=2189"},{"taxonomy":"post_tag","embeddable":true,"href":"https:\/\/www.ofj.fr\/en\/wp-json\/wp\/v2\/tags?post=2189"}],"curies":[{"name":"wp","href":"https:\/\/api.w.org\/{rel}","templated":true}]}}